{"id":2369,"date":"2018-09-05T12:45:24","date_gmt":"2018-09-05T11:45:24","guid":{"rendered":"https:\/\/badajoz.salesianos.edu\/colegio\/?p=2369"},"modified":"2018-09-05T12:45:24","modified_gmt":"2018-09-05T11:45:24","slug":"presentacion-oficial-del-himno-del-cincuentenario","status":"publish","type":"post","link":"https:\/\/badajoz.salesianos.edu\/colegio\/blog\/2018\/09\/05\/presentacion-oficial-del-himno-del-cincuentenario\/","title":{"rendered":"Presentaci\u00f3n oficial del himno del Cincuentenario"},"content":{"rendered":"<div id=\"fb-root\"><\/div>\n<div id=\"pl-2369\" class=\"panel-layout\">\n<div id=\"pg-2369-0\" class=\"panel-grid panel-no-style\">\n<div id=\"pgc-2369-0-0\" class=\"panel-grid-cell\">\n<div id=\"panel-2369-0-0-0\" class=\"so-panel widget widget_media_video panel-first-child panel-last-child\">[siteorigin_widget class=\u00bbWP_Widget_Media_Video\u00bb][\/siteorigin_widget]<\/div>\n<\/div>\n<\/div>\n<div id=\"pg-2369-1\" class=\"panel-grid panel-no-style\">\n<div id=\"pgc-2369-1-0\" class=\"panel-grid-cell\">\n<div id=\"panel-2369-1-0-0\" class=\"so-panel widget widget_text panel-first-child panel-last-child\">\n<div class=\"textwidget\">\n<p style=\"text-align: justify\"><span style=\"color: #000000\">El colegio salesiano \u201cRam\u00f3n Izquierdo\u201d ha hecho P\u00fablico el himno de la conmemoraci\u00f3n del cincuentenario de su presencia en Badajoz, cuya m\u00fasica y letra han sido compuestas por el m\u00fasico y profesor de la casa Daniel L\u00f3pez Luna, producido por Raul Velasco (TrackExtudio), y con la colaboraci\u00f3n del pianista extreme\u00f1o m\u00e1s reconocido, Pedro Monty. La solista que lo interpreta es una alumna del centro: Cristina Jurado P\u00faa, integrante del coro Amadeus-In. En los coros han colaborado Cecilia Gasulla, Carolina Rodr\u00edguez, Clara Serrano, Bel\u00e9n Plata, Beatriz Gallego, Marta Mart\u00ednez y Susana Mangut.<\/span><\/p>\n<p style=\"text-align: justify\"><span style=\"color: #000000\">Durante el mes de mayo y junio pasado, se procedi\u00f3 a la creaci\u00f3n de la base de la m\u00fasica en dichos estudios y a la grabaci\u00f3n de cada una de las voces e instrumentos.<br \/> Se trata de un himno que refleja el sentir de la casa y la ciudad por un santo San Juan Bosco, que decidi\u00f3 a trav\u00e9s de sus salesianos, hacerse presente en la ciudad con el fin de educar y motivar a sus j\u00f3venes desde el sistema educativo del fundador.<br \/> Durante este a\u00f1o y en posteriores, se convertir\u00e1 en el Himno que represente a esta instituci\u00f3n en cada acto acad\u00e9mico y en cada festividad.<\/span><\/p>\n<p style=\"text-align: justify\"><span style=\"color: #000000\">La casa salesiana de Badajoz, se complace en invitarles a la inauguraci\u00f3n oficial de los actos del cincuentenario que contaran con la presencia de autoridades municipales, civiles y eclesi\u00e1sticas, el m\u00e1ximo representante de la congregaci\u00f3n salesiana en la figura del Inspector, exdirectores de la casa, antiguos alumnos, y todas aquellas personas que de una manera u otra se sienten parte importante de la Familia salesiana de Badajoz. El Acto acad\u00e9mico de la inauguraci\u00f3n, se desarrollar\u00e1 en el Teatro del Colegio el 21 de septiembre de 2018 a las 19:00 horas.<\/span><\/p>\n<p><a href=\"https:\/\/drive.google.com\/file\/d\/1t6_Y-IjIHTdBHJVV_rXhOS0Nrc1VcNyV\/view?usp=sharing\" target=\"_blank\" rel=\"noopener\">Puedes descargarte el himno aqu\u00ed.<\/a><\/p>\n<\/div><\/div>\n<\/div>\n<\/div>\n<\/div>\n","protected":false},"excerpt":{"rendered":"<p>[siteorigin_widget class=\u00bbWP_Widget_Media_Video\u00bb][\/siteorigin_widget] El colegio salesiano \u201cRam\u00f3n Izquierdo\u201d ha hecho P\u00fablico el himno de la conmemoraci\u00f3n del cincuentenario de su presencia en Badajoz, cuya m\u00fasica y letra han sido compuestas por el m\u00fasico y profesor de la casa Daniel L\u00f3pez Luna, producido por Raul Velasco (TrackExtudio), y con la colaboraci\u00f3n del pianista extreme\u00f1o m\u00e1s reconocido, Pedro [&hellip;]<\/p>\n","protected":false},"author":5,"featured_media":2328,"comment_status":"closed","ping_status":"open","sticky":false,"template":"","format":"standard","meta":{"footnotes":""},"categories":[1],"tags":[],"class_list":["post-2369","post","type-post","status-publish","format-standard","has-post-thumbnail","hentry","category-uncategorized"],"yoast_head":"<!-- This site is optimized with the Yoast SEO plugin v28.4 - https:\/\/yoast.com\/product\/yoast-seo-wordpress\/ -->\n<title>Presentaci\u00f3n oficial del himno del Cincuentenario - Colegio Salesianos Badajoz<\/title>\n<meta name=\"robots\" content=\"index, follow, max-snippet:-1, max-image-preview:large, max-video-preview:-1\" \/>\n<link rel=\"canonical\" href=\"https:\/\/badajoz.salesianos.edu\/colegio\/blog\/2018\/09\/05\/presentacion-oficial-del-himno-del-cincuentenario\/\" \/>\n<meta property=\"og:locale\" content=\"es_ES\" \/>\n<meta property=\"og:type\" content=\"article\" \/>\n<meta property=\"og:title\" content=\"Presentaci\u00f3n oficial del himno del Cincuentenario - Colegio Salesianos Badajoz\" \/>\n<meta property=\"og:description\" content=\"[siteorigin_widget class=\u00bbWP_Widget_Media_Video\u00bb][\/siteorigin_widget] El colegio salesiano \u201cRam\u00f3n Izquierdo\u201d ha hecho P\u00fablico el himno de la conmemoraci\u00f3n del cincuentenario de su presencia en Badajoz, cuya m\u00fasica y letra han sido compuestas por el m\u00fasico y profesor de la casa Daniel L\u00f3pez Luna, producido por Raul Velasco (TrackExtudio), y con la colaboraci\u00f3n del pianista extreme\u00f1o m\u00e1s reconocido, Pedro [&hellip;]\" \/>\n<meta property=\"og:url\" content=\"https:\/\/badajoz.salesianos.edu\/colegio\/blog\/2018\/09\/05\/presentacion-oficial-del-himno-del-cincuentenario\/\" \/>\n<meta property=\"og:site_name\" content=\"Colegio Salesianos Badajoz\" \/>\n<meta property=\"article:published_time\" content=\"2018-09-05T11:45:24+00:00\" \/>\n<meta name=\"twitter:card\" content=\"summary_large_image\" \/>\n<meta name=\"twitter:label1\" content=\"Escrito por\" \/>\n\t<meta name=\"twitter:data1\" content=\"\" \/>\n\t<meta name=\"twitter:label2\" content=\"Tiempo de lectura\" \/>\n\t<meta name=\"twitter:data2\" content=\"2 minutos\" \/>\n<script type=\"application\/ld+json\" class=\"yoast-schema-graph\">{\"@context\":\"https:\\\/\\\/schema.org\",\"@graph\":[{\"@type\":\"Article\",\"@id\":\"https:\\\/\\\/badajoz.salesianos.edu\\\/colegio\\\/blog\\\/2018\\\/09\\\/05\\\/presentacion-oficial-del-himno-del-cincuentenario\\\/#article\",\"isPartOf\":{\"@id\":\"https:\\\/\\\/badajoz.salesianos.edu\\\/colegio\\\/blog\\\/2018\\\/09\\\/05\\\/presentacion-oficial-del-himno-del-cincuentenario\\\/\"},\"author\":{\"name\":\"\",\"@id\":\"\"},\"headline\":\"Presentaci\u00f3n oficial del himno del Cincuentenario\",\"datePublished\":\"2018-09-05T11:45:24+00:00\",\"mainEntityOfPage\":{\"@id\":\"https:\\\/\\\/badajoz.salesianos.edu\\\/colegio\\\/blog\\\/2018\\\/09\\\/05\\\/presentacion-oficial-del-himno-del-cincuentenario\\\/\"},\"wordCount\":333,\"image\":{\"@id\":\"https:\\\/\\\/badajoz.salesianos.edu\\\/colegio\\\/blog\\\/2018\\\/09\\\/05\\\/presentacion-oficial-del-himno-del-cincuentenario\\\/#primaryimage\"},\"thumbnailUrl\":\"\",\"articleSection\":[\"Uncategorized\"],\"inLanguage\":\"es\"},{\"@type\":\"WebPage\",\"@id\":\"https:\\\/\\\/badajoz.salesianos.edu\\\/colegio\\\/blog\\\/2018\\\/09\\\/05\\\/presentacion-oficial-del-himno-del-cincuentenario\\\/\",\"url\":\"https:\\\/\\\/badajoz.salesianos.edu\\\/colegio\\\/blog\\\/2018\\\/09\\\/05\\\/presentacion-oficial-del-himno-del-cincuentenario\\\/\",\"name\":\"Presentaci\u00f3n oficial del himno del Cincuentenario - Colegio Salesianos Badajoz\",\"isPartOf\":{\"@id\":\"https:\\\/\\\/badajoz.salesianos.edu\\\/colegio\\\/#website\"},\"primaryImageOfPage\":{\"@id\":\"https:\\\/\\\/badajoz.salesianos.edu\\\/colegio\\\/blog\\\/2018\\\/09\\\/05\\\/presentacion-oficial-del-himno-del-cincuentenario\\\/#primaryimage\"},\"image\":{\"@id\":\"https:\\\/\\\/badajoz.salesianos.edu\\\/colegio\\\/blog\\\/2018\\\/09\\\/05\\\/presentacion-oficial-del-himno-del-cincuentenario\\\/#primaryimage\"},\"thumbnailUrl\":\"\",\"datePublished\":\"2018-09-05T11:45:24+00:00\",\"author\":{\"@id\":\"\"},\"breadcrumb\":{\"@id\":\"https:\\\/\\\/badajoz.salesianos.edu\\\/colegio\\\/blog\\\/2018\\\/09\\\/05\\\/presentacion-oficial-del-himno-del-cincuentenario\\\/#breadcrumb\"},\"inLanguage\":\"es\",\"potentialAction\":[{\"@type\":\"ReadAction\",\"target\":[\"https:\\\/\\\/badajoz.salesianos.edu\\\/colegio\\\/blog\\\/2018\\\/09\\\/05\\\/presentacion-oficial-del-himno-del-cincuentenario\\\/\"]}]},{\"@type\":\"ImageObject\",\"inLanguage\":\"es\",\"@id\":\"https:\\\/\\\/badajoz.salesianos.edu\\\/colegio\\\/blog\\\/2018\\\/09\\\/05\\\/presentacion-oficial-del-himno-del-cincuentenario\\\/#primaryimage\",\"url\":\"\",\"contentUrl\":\"\"},{\"@type\":\"BreadcrumbList\",\"@id\":\"https:\\\/\\\/badajoz.salesianos.edu\\\/colegio\\\/blog\\\/2018\\\/09\\\/05\\\/presentacion-oficial-del-himno-del-cincuentenario\\\/#breadcrumb\",\"itemListElement\":[{\"@type\":\"ListItem\",\"position\":1,\"name\":\"Colegio\",\"item\":\"https:\\\/\\\/badajoz.salesianos.edu\\\/colegio\\\/\"},{\"@type\":\"ListItem\",\"position\":2,\"name\":\"Presentaci\u00f3n oficial del himno del Cincuentenario\"}]},{\"@type\":\"WebSite\",\"@id\":\"https:\\\/\\\/badajoz.salesianos.edu\\\/colegio\\\/#website\",\"url\":\"https:\\\/\\\/badajoz.salesianos.edu\\\/colegio\\\/\",\"name\":\"Colegio Salesianos Badajoz\",\"description\":\"P\u00e1gina oficial Salesianos Badajoz\",\"potentialAction\":[{\"@type\":\"SearchAction\",\"target\":{\"@type\":\"EntryPoint\",\"urlTemplate\":\"https:\\\/\\\/badajoz.salesianos.edu\\\/colegio\\\/?s={search_term_string}\"},\"query-input\":{\"@type\":\"PropertyValueSpecification\",\"valueRequired\":true,\"valueName\":\"search_term_string\"}}],\"inLanguage\":\"es\"},{\"@type\":\"Person\",\"@id\":\"\"}]}<\/script>\n<!-- \/ Yoast SEO plugin. -->","yoast_head_json":{"title":"Presentaci\u00f3n oficial del himno del Cincuentenario - Colegio Salesianos Badajoz","robots":{"index":"index","follow":"follow","max-snippet":"max-snippet:-1","max-image-preview":"max-image-preview:large","max-video-preview":"max-video-preview:-1"},"canonical":"https:\/\/badajoz.salesianos.edu\/colegio\/blog\/2018\/09\/05\/presentacion-oficial-del-himno-del-cincuentenario\/","og_locale":"es_ES","og_type":"article","og_title":"Presentaci\u00f3n oficial del himno del Cincuentenario - Colegio Salesianos Badajoz","og_description":"[siteorigin_widget class=\u00bbWP_Widget_Media_Video\u00bb][\/siteorigin_widget] El colegio salesiano \u201cRam\u00f3n Izquierdo\u201d ha hecho P\u00fablico el himno de la conmemoraci\u00f3n del cincuentenario de su presencia en Badajoz, cuya m\u00fasica y letra han sido compuestas por el m\u00fasico y profesor de la casa Daniel L\u00f3pez Luna, producido por Raul Velasco (TrackExtudio), y con la colaboraci\u00f3n del pianista extreme\u00f1o m\u00e1s reconocido, Pedro [&hellip;]","og_url":"https:\/\/badajoz.salesianos.edu\/colegio\/blog\/2018\/09\/05\/presentacion-oficial-del-himno-del-cincuentenario\/","og_site_name":"Colegio Salesianos Badajoz","article_published_time":"2018-09-05T11:45:24+00:00","twitter_card":"summary_large_image","twitter_misc":{"Escrito por":"","Tiempo de lectura":"2 minutos"},"schema":{"@context":"https:\/\/schema.org","@graph":[{"@type":"Article","@id":"https:\/\/badajoz.salesianos.edu\/colegio\/blog\/2018\/09\/05\/presentacion-oficial-del-himno-del-cincuentenario\/#article","isPartOf":{"@id":"https:\/\/badajoz.salesianos.edu\/colegio\/blog\/2018\/09\/05\/presentacion-oficial-del-himno-del-cincuentenario\/"},"author":{"name":"","@id":""},"headline":"Presentaci\u00f3n oficial del himno del Cincuentenario","datePublished":"2018-09-05T11:45:24+00:00","mainEntityOfPage":{"@id":"https:\/\/badajoz.salesianos.edu\/colegio\/blog\/2018\/09\/05\/presentacion-oficial-del-himno-del-cincuentenario\/"},"wordCount":333,"image":{"@id":"https:\/\/badajoz.salesianos.edu\/colegio\/blog\/2018\/09\/05\/presentacion-oficial-del-himno-del-cincuentenario\/#primaryimage"},"thumbnailUrl":"","articleSection":["Uncategorized"],"inLanguage":"es"},{"@type":"WebPage","@id":"https:\/\/badajoz.salesianos.edu\/colegio\/blog\/2018\/09\/05\/presentacion-oficial-del-himno-del-cincuentenario\/","url":"https:\/\/badajoz.salesianos.edu\/colegio\/blog\/2018\/09\/05\/presentacion-oficial-del-himno-del-cincuentenario\/","name":"Presentaci\u00f3n oficial del himno del Cincuentenario - Colegio Salesianos Badajoz","isPartOf":{"@id":"https:\/\/badajoz.salesianos.edu\/colegio\/#website"},"primaryImageOfPage":{"@id":"https:\/\/badajoz.salesianos.edu\/colegio\/blog\/2018\/09\/05\/presentacion-oficial-del-himno-del-cincuentenario\/#primaryimage"},"image":{"@id":"https:\/\/badajoz.salesianos.edu\/colegio\/blog\/2018\/09\/05\/presentacion-oficial-del-himno-del-cincuentenario\/#primaryimage"},"thumbnailUrl":"","datePublished":"2018-09-05T11:45:24+00:00","author":{"@id":""},"breadcrumb":{"@id":"https:\/\/badajoz.salesianos.edu\/colegio\/blog\/2018\/09\/05\/presentacion-oficial-del-himno-del-cincuentenario\/#breadcrumb"},"inLanguage":"es","potentialAction":[{"@type":"ReadAction","target":["https:\/\/badajoz.salesianos.edu\/colegio\/blog\/2018\/09\/05\/presentacion-oficial-del-himno-del-cincuentenario\/"]}]},{"@type":"ImageObject","inLanguage":"es","@id":"https:\/\/badajoz.salesianos.edu\/colegio\/blog\/2018\/09\/05\/presentacion-oficial-del-himno-del-cincuentenario\/#primaryimage","url":"","contentUrl":""},{"@type":"BreadcrumbList","@id":"https:\/\/badajoz.salesianos.edu\/colegio\/blog\/2018\/09\/05\/presentacion-oficial-del-himno-del-cincuentenario\/#breadcrumb","itemListElement":[{"@type":"ListItem","position":1,"name":"Colegio","item":"https:\/\/badajoz.salesianos.edu\/colegio\/"},{"@type":"ListItem","position":2,"name":"Presentaci\u00f3n oficial del himno del Cincuentenario"}]},{"@type":"WebSite","@id":"https:\/\/badajoz.salesianos.edu\/colegio\/#website","url":"https:\/\/badajoz.salesianos.edu\/colegio\/","name":"Colegio Salesianos Badajoz","description":"P\u00e1gina oficial Salesianos Badajoz","potentialAction":[{"@type":"SearchAction","target":{"@type":"EntryPoint","urlTemplate":"https:\/\/badajoz.salesianos.edu\/colegio\/?s={search_term_string}"},"query-input":{"@type":"PropertyValueSpecification","valueRequired":true,"valueName":"search_term_string"}}],"inLanguage":"es"},{"@type":"Person","@id":""}]}},"_links":{"self":[{"href":"https:\/\/badajoz.salesianos.edu\/colegio\/wp-json\/wp\/v2\/posts\/2369","targetHints":{"allow":["GET"]}}],"collection":[{"href":"https:\/\/badajoz.salesianos.edu\/colegio\/wp-json\/wp\/v2\/posts"}],"about":[{"href":"https:\/\/badajoz.salesianos.edu\/colegio\/wp-json\/wp\/v2\/types\/post"}],"author":[{"embeddable":true,"href":"https:\/\/badajoz.salesianos.edu\/colegio\/wp-json\/wp\/v2\/users\/5"}],"replies":[{"embeddable":true,"href":"https:\/\/badajoz.salesianos.edu\/colegio\/wp-json\/wp\/v2\/comments?post=2369"}],"version-history":[{"count":0,"href":"https:\/\/badajoz.salesianos.edu\/colegio\/wp-json\/wp\/v2\/posts\/2369\/revisions"}],"wp:attachment":[{"href":"https:\/\/badajoz.salesianos.edu\/colegio\/wp-json\/wp\/v2\/media?parent=2369"}],"wp:term":[{"taxonomy":"category","embeddable":true,"href":"https:\/\/badajoz.salesianos.edu\/colegio\/wp-json\/wp\/v2\/categories?post=2369"},{"taxonomy":"post_tag","embeddable":true,"href":"https:\/\/badajoz.salesianos.edu\/colegio\/wp-json\/wp\/v2\/tags?post=2369"}],"curies":[{"name":"wp","href":"https:\/\/api.w.org\/{rel}","templated":true}]}}